[{"@context":"https:\/\/schema.org\/","@type":"Article","@id":"https:\/\/www.berkner.cz\/zvolte-si-drevo-presne-podle-vasi-chuti\/#Article","mainEntityOfPage":"https:\/\/www.berkner.cz\/zvolte-si-drevo-presne-podle-vasi-chuti\/","headline":"Zvolte si d\u0159evo p\u0159esn\u011b podle Va\u0161\u00ed chuti","name":"Zvolte si d\u0159evo p\u0159esn\u011b podle Va\u0161\u00ed chuti","description":"Nem\u00e1te r\u00e1di um\u011bl\u00e9 napodobeniny a jste p\u0159i v\u00fdb\u011bru n\u00e1bytku jasn\u00ed zast\u00e1nci p\u0159\u00edrodn\u00edho d\u0159eva? To je naprosto v po\u0159\u00e1dku a my V\u00e1m s radost\u00ed nab\u00eddneme nep\u0159ebern\u00e9 mno\u017estv\u00ed interi\u00e9rov\u00fdch dve\u0159\u00edPlze\u0148 z p\u0159\u00edrodn\u00edho masivu a v jak\u00e9mkoliv dekoru, na jak\u00fd si jen vzpomenete. Nebojte se ani barevn\u011bj\u0161\u00edch kombinac\u00ed, kter\u00e9 naopak kr\u00e1sn\u011b vyniknou a","datePublished":"2025-01-03","dateModified":"2025-01-03","author":{"@type":"Person","@id":"https:\/\/www.berkner.cz\/author\/#Person","name":"","url":"https:\/\/www.berkner.cz\/author\/","identifier":1,"image":{"@type":"ImageObject","@id":"https:\/\/secure.gravatar.com\/avatar\/c065076eb86551fdb70725c8063acf1b60a8edaed14ed654228c4cba13121c83?s=96&d=mm&r=g","url":"https:\/\/secure.gravatar.com\/avatar\/c065076eb86551fdb70725c8063acf1b60a8edaed14ed654228c4cba13121c83?s=96&d=mm&r=g","height":96,"width":96}},"publisher":{"@type":"Organization","name":"berkner.cz","logo":{"@type":"ImageObject","@id":"\/logo.png","url":"\/logo.png","width":600,"height":60}},"url":"https:\/\/www.berkner.cz\/zvolte-si-drevo-presne-podle-vasi-chuti\/","wordCount":156,"articleBody":"Nem\u00e1te r\u00e1di um\u011bl\u00e9 napodobeniny a jste p\u0159i v\u00fdb\u011bru n\u00e1bytku jasn\u00ed zast\u00e1nci p\u0159\u00edrodn\u00edho d\u0159eva? To je naprosto v po\u0159\u00e1dku a my V\u00e1m s radost\u00ed nab\u00eddneme nep\u0159ebern\u00e9 mno\u017estv\u00ed interi\u00e9rov\u00fdch dve\u0159\u00edPlze\u0148 z p\u0159\u00edrodn\u00edho masivu a v jak\u00e9mkoliv dekoru, na jak\u00fd si jen vzpomenete. Nebojte se ani barevn\u011bj\u0161\u00edch kombinac\u00ed, kter\u00e9 naopak kr\u00e1sn\u011b vyniknou a dodaj\u00ed Va\u0161im pokoj\u016fm v\u00fdrazn\u00fd osobit\u00fd styl. Myslete dop\u0159edu na v\u0161echny detaily Pokud m\u00e1te vybran\u00e9 interi\u00e9rov\u00e9 dve\u0159etak neponechejte nic n\u00e1hod\u011b a zrovna si vyberte i podlahu, kter\u00e1 bude kr\u00e1sn\u011b ladit. Vyhnete se tak nep\u0159\u00edjemn\u00fdm starostem jak\u00fd odst\u00edn zvolit. My V\u00e1m nab\u00eddneme mo\u017enost p\u0159\u00edm\u00e9ho porovn\u00e1n\u00ed odst\u00edn\u016f a odborn\u00fdch rad prodejc\u016f, kte\u0159\u00ed V\u00e1m v p\u0159\u00edpad\u011b nejasnost\u00ed velmi ochotn\u011b porad\u00ed.                                                                                                                                                                                                                                                                                                                                                                                        4.5\/5 - (2 votes)        "},{"@context":"https:\/\/schema.org\/","@type":"BreadcrumbList","itemListElement":[{"@type":"ListItem","position":1,"name":"Zvolte si d\u0159evo p\u0159esn\u011b podle Va\u0161\u00ed chuti","item":"https:\/\/www.berkner.cz\/zvolte-si-drevo-presne-podle-vasi-chuti\/#breadcrumbitem"}]}]