{"@context":"https:\/\/schema.org\/","@type":"CollectionPage","@id":"https:\/\/www.berkner.cz\/zbozi\/#CollectionPage","headline":"Zbo\u017e\u00ed Category","description":"","url":"https:\/\/www.berkner.cz\/zbozi\/","hasPart":[{"@type":"Article","@id":"https:\/\/www.berkner.cz\/bezpecnost-jmenem-zabradli\/","headline":"Bezpe\u010dnost jm\u00e9nem z\u00e1bradl\u00ed","url":"https:\/\/www.berkner.cz\/bezpecnost-jmenem-zabradli\/","datePublished":"2022-03-12","dateModified":"2023-05-04","mainEntityOfPage":"https:\/\/www.berkner.cz\/bezpecnost-jmenem-zabradli\/","author":{"@type":"Person","@id":"https:\/\/www.berkner.cz\/author\/#Person","name":"","url":"https:\/\/www.berkner.cz\/author\/","identifier":1,"image":{"@type":"ImageObject","@id":"https:\/\/secure.gravatar.com\/avatar\/c065076eb86551fdb70725c8063acf1b60a8edaed14ed654228c4cba13121c83?s=96&d=mm&r=g","url":"https:\/\/secure.gravatar.com\/avatar\/c065076eb86551fdb70725c8063acf1b60a8edaed14ed654228c4cba13121c83?s=96&d=mm&r=g","height":96,"width":96}},"publisher":{"@type":"Organization","name":"berkner.cz","logo":{"@type":"ImageObject","@id":"\/logo.png","url":"\/logo.png","width":600,"height":60}},"image":{"@type":"ImageObject","@id":"https:\/\/www.berkner.cz\/wp-content\/uploads\/15722x1_2.jpg","url":"https:\/\/www.berkner.cz\/wp-content\/uploads\/15722x1_2.jpg","height":0,"width":0},"keywords":null},{"@type":"Article","@id":"https:\/\/www.berkner.cz\/dojel-bych-za-tebou-ale-nemam-auto\/","headline":"Dojel bych za tebou, ale nem\u00e1m auto","url":"https:\/\/www.berkner.cz\/dojel-bych-za-tebou-ale-nemam-auto\/","datePublished":"2022-01-15","dateModified":"2023-05-04","mainEntityOfPage":"https:\/\/www.berkner.cz\/dojel-bych-za-tebou-ale-nemam-auto\/","author":{"@type":"Person","@id":"https:\/\/www.berkner.cz\/author\/#Person","name":"","url":"https:\/\/www.berkner.cz\/author\/","identifier":1,"image":{"@type":"ImageObject","@id":"https:\/\/secure.gravatar.com\/avatar\/c065076eb86551fdb70725c8063acf1b60a8edaed14ed654228c4cba13121c83?s=96&d=mm&r=g","url":"https:\/\/secure.gravatar.com\/avatar\/c065076eb86551fdb70725c8063acf1b60a8edaed14ed654228c4cba13121c83?s=96&d=mm&r=g","height":96,"width":96}},"publisher":{"@type":"Organization","name":"berkner.cz","logo":{"@type":"ImageObject","@id":"\/logo.png","url":"\/logo.png","width":600,"height":60}},"image":{"@type":"ImageObject","@id":"https:\/\/www.berkner.cz\/wp-content\/uploads\/p%C5%AFj%C4%8Den%C3%AD%20vozu.jpg","url":"https:\/\/www.berkner.cz\/wp-content\/uploads\/p%C5%AFj%C4%8Den%C3%AD%20vozu.jpg","height":0,"width":0},"keywords":null},{"@type":"Article","@id":"https:\/\/www.berkner.cz\/hubnuti-s-mlecnou-dietou\/","headline":"Hubnut\u00ed s ml\u00e9\u010dnou dietou","url":"https:\/\/www.berkner.cz\/hubnuti-s-mlecnou-dietou\/","datePublished":"2021-11-07","dateModified":"2023-05-04","mainEntityOfPage":"https:\/\/www.berkner.cz\/hubnuti-s-mlecnou-dietou\/","author":{"@type":"Person","@id":"https:\/\/www.berkner.cz\/author\/#Person","name":"","url":"https:\/\/www.berkner.cz\/author\/","identifier":1,"image":{"@type":"ImageObject","@id":"https:\/\/secure.gravatar.com\/avatar\/c065076eb86551fdb70725c8063acf1b60a8edaed14ed654228c4cba13121c83?s=96&d=mm&r=g","url":"https:\/\/secure.gravatar.com\/avatar\/c065076eb86551fdb70725c8063acf1b60a8edaed14ed654228c4cba13121c83?s=96&d=mm&r=g","height":96,"width":96}},"publisher":{"@type":"Organization","name":"berkner.cz","logo":{"@type":"ImageObject","@id":"\/logo.png","url":"\/logo.png","width":600,"height":60}},"image":{"@type":"ImageObject","@id":"https:\/\/www.berkner.cz\/wp-content\/uploads\/milk-g08739a934_640.jpg","url":"https:\/\/www.berkner.cz\/wp-content\/uploads\/milk-g08739a934_640.jpg","height":0,"width":0},"keywords":null},{"@type":"Article","@id":"https:\/\/www.berkner.cz\/moderni-rozkladaci-pohovka-s-matraci-znate-jeji-vyhody\/","headline":"Modern\u00ed rozkl\u00e1dac\u00ed pohovka s matrac\u00ed &#8211; zn\u00e1te jej\u00ed v\u00fdhody?","url":"https:\/\/www.berkner.cz\/moderni-rozkladaci-pohovka-s-matraci-znate-jeji-vyhody\/","datePublished":"2021-05-26","dateModified":"2023-05-04","mainEntityOfPage":"https:\/\/www.berkner.cz\/moderni-rozkladaci-pohovka-s-matraci-znate-jeji-vyhody\/","author":{"@type":"Person","@id":"https:\/\/www.berkner.cz\/author\/#Person","name":"","url":"https:\/\/www.berkner.cz\/author\/","identifier":1,"image":{"@type":"ImageObject","@id":"https:\/\/secure.gravatar.com\/avatar\/c065076eb86551fdb70725c8063acf1b60a8edaed14ed654228c4cba13121c83?s=96&d=mm&r=g","url":"https:\/\/secure.gravatar.com\/avatar\/c065076eb86551fdb70725c8063acf1b60a8edaed14ed654228c4cba13121c83?s=96&d=mm&r=g","height":96,"width":96}},"publisher":{"@type":"Organization","name":"berkner.cz","logo":{"@type":"ImageObject","@id":"\/logo.png","url":"\/logo.png","width":600,"height":60}},"image":{"@type":"ImageObject","@id":"https:\/\/www.berkner.cz\/wp-content\/uploads\/pohovka_471ZDu.jpg","url":"https:\/\/www.berkner.cz\/wp-content\/uploads\/pohovka_471ZDu.jpg","height":0,"width":0},"keywords":null},{"@type":"Article","@id":"https:\/\/www.berkner.cz\/olivovy-olej-je-uz-tisicileti-velkym-symbolem-stredozemniho-more\/","headline":"Olivov\u00fd olej je u\u017e tis\u00edcilet\u00ed velk\u00fdm symbolem St\u0159edozemn\u00edho mo\u0159e","url":"https:\/\/www.berkner.cz\/olivovy-olej-je-uz-tisicileti-velkym-symbolem-stredozemniho-more\/","datePublished":"2021-04-25","dateModified":"2023-05-04","mainEntityOfPage":"https:\/\/www.berkner.cz\/olivovy-olej-je-uz-tisicileti-velkym-symbolem-stredozemniho-more\/","author":{"@type":"Person","@id":"https:\/\/www.berkner.cz\/author\/#Person","name":"","url":"https:\/\/www.berkner.cz\/author\/","identifier":1,"image":{"@type":"ImageObject","@id":"https:\/\/secure.gravatar.com\/avatar\/c065076eb86551fdb70725c8063acf1b60a8edaed14ed654228c4cba13121c83?s=96&d=mm&r=g","url":"https:\/\/secure.gravatar.com\/avatar\/c065076eb86551fdb70725c8063acf1b60a8edaed14ed654228c4cba13121c83?s=96&d=mm&r=g","height":96,"width":96}},"publisher":{"@type":"Organization","name":"berkner.cz","logo":{"@type":"ImageObject","@id":"\/logo.png","url":"\/logo.png","width":600,"height":60}},"image":{"@type":"ImageObject","@id":"https:\/\/www.berkner.cz\/wp-content\/uploads\/Olivovnik%202_CubpmA.jpg","url":"https:\/\/www.berkner.cz\/wp-content\/uploads\/Olivovnik%202_CubpmA.jpg","height":0,"width":0},"keywords":null},{"@type":"Article","@id":"https:\/\/www.berkner.cz\/prikryvky-a-povleceni-do-detskych-posteli\/","headline":"P\u0159ikr\u00fdvky a povle\u010den\u00ed do d\u011btsk\u00fdch postel\u00ed","url":"https:\/\/www.berkner.cz\/prikryvky-a-povleceni-do-detskych-posteli\/","datePublished":"2021-02-16","dateModified":"2023-10-04","mainEntityOfPage":"https:\/\/www.berkner.cz\/prikryvky-a-povleceni-do-detskych-posteli\/","author":{"@type":"Person","@id":"https:\/\/www.berkner.cz\/author\/#Person","name":"","url":"https:\/\/www.berkner.cz\/author\/","identifier":1,"image":{"@type":"ImageObject","@id":"https:\/\/secure.gravatar.com\/avatar\/c065076eb86551fdb70725c8063acf1b60a8edaed14ed654228c4cba13121c83?s=96&d=mm&r=g","url":"https:\/\/secure.gravatar.com\/avatar\/c065076eb86551fdb70725c8063acf1b60a8edaed14ed654228c4cba13121c83?s=96&d=mm&r=g","height":96,"width":96}},"publisher":{"@type":"Organization","name":"berkner.cz","logo":{"@type":"ImageObject","@id":"\/logo.png","url":"\/logo.png","width":600,"height":60}},"image":{"@type":"ImageObject","@id":"https:\/\/www.berkner.cz\/wp-content\/uploads\/povleceni-3d-140x200-fotbal-akce_Xy0oEA.jpg","url":"https:\/\/www.berkner.cz\/wp-content\/uploads\/povleceni-3d-140x200-fotbal-akce_Xy0oEA.jpg","height":0,"width":0},"keywords":null},{"@type":"Article","@id":"https:\/\/www.berkner.cz\/jake-povleceni-do-hotelu\/","headline":"Jak\u00e9 povle\u010den\u00ed do hotelu?","url":"https:\/\/www.berkner.cz\/jake-povleceni-do-hotelu\/","datePublished":"2021-01-01","dateModified":"2023-09-02","mainEntityOfPage":"https:\/\/www.berkner.cz\/jake-povleceni-do-hotelu\/","author":{"@type":"Person","@id":"https:\/\/www.berkner.cz\/author\/#Person","name":"","url":"https:\/\/www.berkner.cz\/author\/","identifier":1,"image":{"@type":"ImageObject","@id":"https:\/\/secure.gravatar.com\/avatar\/c065076eb86551fdb70725c8063acf1b60a8edaed14ed654228c4cba13121c83?s=96&d=mm&r=g","url":"https:\/\/secure.gravatar.com\/avatar\/c065076eb86551fdb70725c8063acf1b60a8edaed14ed654228c4cba13121c83?s=96&d=mm&r=g","height":96,"width":96}},"publisher":{"@type":"Organization","name":"berkner.cz","logo":{"@type":"ImageObject","@id":"\/logo.png","url":"\/logo.png","width":600,"height":60}},"image":{"@type":"ImageObject","@id":"https:\/\/www.berkner.cz\/wp-content\/uploads\/kvalitn%C3%AD%20povle%C4%8Den%C3%AD_f4THgE.jpg","url":"https:\/\/www.berkner.cz\/wp-content\/uploads\/kvalitn%C3%AD%20povle%C4%8Den%C3%AD_f4THgE.jpg","height":0,"width":0},"keywords":null},{"@type":"Article","@id":"https:\/\/www.berkner.cz\/mobilni-telefon-ci-notebook-jak-o-ne-pecovat-aby-slouzili-dlouha-leta-s-laskou\/","headline":"Mobiln\u00ed telefon \u010di notebook? Jak o n\u011b pe\u010dovat, aby slou\u017eili dlouh\u00e1 l\u00e9ta? S l\u00e1skou.","url":"https:\/\/www.berkner.cz\/mobilni-telefon-ci-notebook-jak-o-ne-pecovat-aby-slouzili-dlouha-leta-s-laskou\/","datePublished":"2020-12-20","dateModified":"2023-05-04","mainEntityOfPage":"https:\/\/www.berkner.cz\/mobilni-telefon-ci-notebook-jak-o-ne-pecovat-aby-slouzili-dlouha-leta-s-laskou\/","author":{"@type":"Person","@id":"https:\/\/www.berkner.cz\/author\/#Person","name":"","url":"https:\/\/www.berkner.cz\/author\/","identifier":1,"image":{"@type":"ImageObject","@id":"https:\/\/secure.gravatar.com\/avatar\/c065076eb86551fdb70725c8063acf1b60a8edaed14ed654228c4cba13121c83?s=96&d=mm&r=g","url":"https:\/\/secure.gravatar.com\/avatar\/c065076eb86551fdb70725c8063acf1b60a8edaed14ed654228c4cba13121c83?s=96&d=mm&r=g","height":96,"width":96}},"publisher":{"@type":"Organization","name":"berkner.cz","logo":{"@type":"ImageObject","@id":"\/logo.png","url":"\/logo.png","width":600,"height":60}},"image":{"@type":"ImageObject","@id":"https:\/\/www.berkner.cz\/wp-content\/uploads\/nokia_3310.jpg","url":"https:\/\/www.berkner.cz\/wp-content\/uploads\/nokia_3310.jpg","height":0,"width":0},"keywords":null},{"@type":"Article","@id":"https:\/\/www.berkner.cz\/altany-jsou-nejkrasnejsimi-zahradnimi-stavbami\/","headline":"Alt\u00e1ny jsou nejkr\u00e1sn\u011bj\u0161\u00edmi zahradn\u00edmi stavbami","url":"https:\/\/www.berkner.cz\/altany-jsou-nejkrasnejsimi-zahradnimi-stavbami\/","datePublished":"2020-09-07","dateModified":"2023-05-04","mainEntityOfPage":"https:\/\/www.berkner.cz\/altany-jsou-nejkrasnejsimi-zahradnimi-stavbami\/","author":{"@type":"Person","@id":"https:\/\/www.berkner.cz\/author\/#Person","name":"","url":"https:\/\/www.berkner.cz\/author\/","identifier":1,"image":{"@type":"ImageObject","@id":"https:\/\/secure.gravatar.com\/avatar\/c065076eb86551fdb70725c8063acf1b60a8edaed14ed654228c4cba13121c83?s=96&d=mm&r=g","url":"https:\/\/secure.gravatar.com\/avatar\/c065076eb86551fdb70725c8063acf1b60a8edaed14ed654228c4cba13121c83?s=96&d=mm&r=g","height":96,"width":96}},"publisher":{"@type":"Organization","name":"berkner.cz","logo":{"@type":"ImageObject","@id":"\/logo.png","url":"\/logo.png","width":600,"height":60}},"image":{"@type":"ImageObject","@id":"https:\/\/www.berkner.cz\/wp-content\/uploads\/img_a387275_w3808_t1600855368.jpg","url":"https:\/\/www.berkner.cz\/wp-content\/uploads\/img_a387275_w3808_t1600855368.jpg","height":0,"width":0},"keywords":null},{"@type":"Article","@id":"https:\/\/www.berkner.cz\/cviceni-se-zatezovou-vestou\/","headline":"Cvi\u010den\u00ed se z\u00e1t\u011b\u017eovou vestou","url":"https:\/\/www.berkner.cz\/cviceni-se-zatezovou-vestou\/","datePublished":"2020-07-11","dateModified":"2023-05-04","mainEntityOfPage":"https:\/\/www.berkner.cz\/cviceni-se-zatezovou-vestou\/","author":{"@type":"Person","@id":"https:\/\/www.berkner.cz\/author\/#Person","name":"","url":"https:\/\/www.berkner.cz\/author\/","identifier":1,"image":{"@type":"ImageObject","@id":"https:\/\/secure.gravatar.com\/avatar\/c065076eb86551fdb70725c8063acf1b60a8edaed14ed654228c4cba13121c83?s=96&d=mm&r=g","url":"https:\/\/secure.gravatar.com\/avatar\/c065076eb86551fdb70725c8063acf1b60a8edaed14ed654228c4cba13121c83?s=96&d=mm&r=g","height":96,"width":96}},"publisher":{"@type":"Organization","name":"berkner.cz","logo":{"@type":"ImageObject","@id":"\/logo.png","url":"\/logo.png","width":600,"height":60}},"image":{"@type":"ImageObject","@id":"https:\/\/www.berkner.cz\/wp-content\/uploads\/img_a383875_w3808_t1595847435.jpg","url":"https:\/\/www.berkner.cz\/wp-content\/uploads\/img_a383875_w3808_t1595847435.jpg","height":0,"width":0},"keywords":null}]}