[{"@context":"https:\/\/schema.org\/","@type":"Article","@id":"https:\/\/www.berkner.cz\/uz-nemusite-trpet\/#Article","mainEntityOfPage":"https:\/\/www.berkner.cz\/uz-nemusite-trpet\/","headline":"U\u017e nemus\u00edte trp\u011bt","name":"U\u017e nemus\u00edte trp\u011bt","description":"Bolestmi zad m\u016f\u017ee trp\u011bt ka\u017ed\u00fd \u010dlov\u011bk v ka\u017ed\u00e9m v\u011bku. Nen\u00ed to probl\u00e9m jen lid\u00ed z kancel\u00e1\u0159\u00ed nebo \u0159idi\u010d\u016f z povol\u00e1n\u00ed, ale i lid\u00ed, kte\u0159\u00ed t\u0159eba cel\u00fd den d\u011blaj\u00ed jeden stejn\u00fd pohyb a maj\u00ed t\u011blo po\u0159\u00e1d ve stejn\u00e9 poloze. Ka\u017edop\u00e1dn\u011b to nen\u00ed nic p\u0159\u00edjemn\u00e9ho a jeden nem\u016f\u017ee v\u011b\u010dn\u011b polykat n\u011bjak\u00e9 pilulky,","datePublished":"2024-11-28","dateModified":"2024-11-28","author":{"@type":"Person","@id":"https:\/\/www.berkner.cz\/author\/#Person","name":"","url":"https:\/\/www.berkner.cz\/author\/","identifier":1,"image":{"@type":"ImageObject","@id":"https:\/\/secure.gravatar.com\/avatar\/c065076eb86551fdb70725c8063acf1b60a8edaed14ed654228c4cba13121c83?s=96&d=mm&r=g","url":"https:\/\/secure.gravatar.com\/avatar\/c065076eb86551fdb70725c8063acf1b60a8edaed14ed654228c4cba13121c83?s=96&d=mm&r=g","height":96,"width":96}},"publisher":{"@type":"Organization","name":"berkner.cz","logo":{"@type":"ImageObject","@id":"\/logo.png","url":"\/logo.png","width":600,"height":60}},"url":"https:\/\/www.berkner.cz\/uz-nemusite-trpet\/","wordCount":223,"articleBody":" Bolestmi zad m\u016f\u017ee trp\u011bt ka\u017ed\u00fd \u010dlov\u011bk v ka\u017ed\u00e9m v\u011bku. Nen\u00ed to probl\u00e9m jen lid\u00ed z kancel\u00e1\u0159\u00ed nebo \u0159idi\u010d\u016f z povol\u00e1n\u00ed, ale i lid\u00ed, kte\u0159\u00ed t\u0159eba cel\u00fd den d\u011blaj\u00ed jeden stejn\u00fd pohyb a maj\u00ed t\u011blo po\u0159\u00e1d ve stejn\u00e9 poloze. Ka\u017edop\u00e1dn\u011b to nen\u00ed nic p\u0159\u00edjemn\u00e9ho a jeden nem\u016f\u017ee v\u011b\u010dn\u011b polykat n\u011bjak\u00e9 pilulky, aby se mu ulevilo. Nebojte se, u\u017e nemus\u00edte trp\u011bt, m\u00e1me pro V\u00e1s revolu\u010dn\u00ed produkt, kter\u00fd V\u00e1\u0161 produkt vy\u0159e\u0161\u00ed jednou pro v\u017edy jen pouh\u00fdm sezen\u00edm. Z\u00e1chrana je zde My v\u00edme, \u017ee s bolestmi zad a kr\u010dn\u00ed p\u00e1te\u0159e tak\u00e9, je pro \u010dlov\u011bka ka\u017ed\u00fd pohyb utrpen\u00edm. A\u0165 u\u017e men\u0161\u00edm nebo v\u011bt\u0161\u00edm. Proto V\u00e1m nab\u00edz\u00edme \u0159e\u0161en\u00ed v podob\u011b na\u0161eho zdravotn\u00edho pol\u0161t\u00e1\u0159ku pro aktivn\u00ed sezen\u00ed. Aktivn\u00ed proto, \u017ee V\u00e1m pom\u00e1h\u00e1 posilovat svaly kolem p\u00e1te\u0159e, zlep\u0161uje dr\u017een\u00ed t\u011bla a t\u00edm, \u017ee mas\u00edruje a prokrvuje Va\u0161i sedac\u00ed \u010d\u00e1st, dokonce pom\u00e1h\u00e1 ke zmen\u0161en\u00ed probl\u00e9mu s celulitidou. Prost\u011b takov\u00fd mal\u00fd z\u00e1zrak, kter\u00fd V\u00e1m pom\u016f\u017ee hned v n\u011bkolika sm\u011brech. Ne\u010dekejte a vyzkou\u0161ejte sami.                                                                                                                                                                                                                                                                                                                                                                                        4.3\/5 - (3 votes)        "},{"@context":"https:\/\/schema.org\/","@type":"BreadcrumbList","itemListElement":[{"@type":"ListItem","position":1,"name":"U\u017e nemus\u00edte trp\u011bt","item":"https:\/\/www.berkner.cz\/uz-nemusite-trpet\/#breadcrumbitem"}]}]