[{"@context":"https:\/\/schema.org\/","@type":"Article","@id":"https:\/\/www.berkner.cz\/skladovani-veci\/#Article","mainEntityOfPage":"https:\/\/www.berkner.cz\/skladovani-veci\/","headline":"Skladov\u00e1n\u00ed v\u011bc\u00ed","name":"Skladov\u00e1n\u00ed v\u011bc\u00ed","description":"Tak\u00e9 jste si \u0159ekli, \u017ee kdybyste prod\u00e1vali n\u011bjak\u00e9 zbo\u017e\u00ed, \u017ee byste tak\u00e9 pot\u0159ebovali m\u00edt n\u011bkde n\u011bjak\u00e9 \u00falo\u017ei\u0161t\u011b anebo skladi\u0161t\u011b zbo\u017e\u00ed? Podle m\u00e9ho n\u00e1zoru takhle u\u017e uva\u017eoval ka\u017ed\u00fd, proto\u017ee kdy\u017e budete m\u00edt doma hodn\u011b zbo\u017e\u00ed, tak tak\u00e9 samoz\u0159ejm\u011b mus\u00edte db\u00e1t na to, kde, co v\u0161echno budete skladovat. Tak\u00e9 mus\u00edte d\u00e1t pozor","datePublished":"2023-12-29","dateModified":"2024-02-07","author":{"@type":"Person","@id":"https:\/\/www.berkner.cz\/author\/#Person","name":"","url":"https:\/\/www.berkner.cz\/author\/","identifier":1,"image":{"@type":"ImageObject","@id":"https:\/\/secure.gravatar.com\/avatar\/c065076eb86551fdb70725c8063acf1b60a8edaed14ed654228c4cba13121c83?s=96&d=mm&r=g","url":"https:\/\/secure.gravatar.com\/avatar\/c065076eb86551fdb70725c8063acf1b60a8edaed14ed654228c4cba13121c83?s=96&d=mm&r=g","height":96,"width":96}},"publisher":{"@type":"Organization","name":"berkner.cz","logo":{"@type":"ImageObject","@id":"\/logo.png","url":"\/logo.png","width":600,"height":60}},"image":{"@type":"ImageObject","@id":"https:\/\/www.berkner.cz\/wp-content\/uploads\/storage-tanks-20959_1280.jpg","url":"https:\/\/www.berkner.cz\/wp-content\/uploads\/storage-tanks-20959_1280.jpg","height":0,"width":0},"url":"https:\/\/www.berkner.cz\/skladovani-veci\/","about":["Byznys"],"wordCount":389,"articleBody":"   Tak\u00e9 jste si \u0159ekli, \u017ee kdybyste prod\u00e1vali n\u011bjak\u00e9 zbo\u017e\u00ed, \u017ee byste tak\u00e9 pot\u0159ebovali m\u00edt n\u011bkde n\u011bjak\u00e9 \u00falo\u017ei\u0161t\u011b anebo skladi\u0161t\u011b zbo\u017e\u00ed? Podle m\u00e9ho n\u00e1zoru takhle u\u017e uva\u017eoval ka\u017ed\u00fd, proto\u017ee kdy\u017e budete m\u00edt doma hodn\u011b zbo\u017e\u00ed, tak tak\u00e9 samoz\u0159ejm\u011b mus\u00edte db\u00e1t na to, kde, co v\u0161echno budete skladovat. Tak\u00e9 mus\u00edte d\u00e1t pozor na to, kde a co jak budete skladovat, proto\u017ee n\u011bkter\u00e9 v\u011bci se mus\u00ed skladovat \u00fapln\u011b jinak ne\u017e odli\u0161n\u00e9 v\u011bci. Nap\u0159\u00edklad plastov\u00e9 v\u011bci se skladuj\u00ed \u00fapln\u011b jinak ne\u017e t\u0159eba nap\u0159\u00edklad n\u011bjak\u00e9 sklen\u011bn\u00e9 v\u011bci anebo tak\u00e9 dokonce potraviny. U potravin se tak\u00e9 skladuj\u00ed jinak t\u011bstoviny nebo r\u00fd\u017ee. Nebo ovoce a zelenina nebo maso \u010di ml\u00e9\u010dn\u00e9 v\u00fdrobky. Je toho opravdu hodn\u011b, a proto byste se tohle m\u011bli nau\u010dit. Tak\u00e9 byste mohli vyu\u017e\u00edt pron\u00e1jem skladov\u00fdch kontejner\u016f. Pron\u00e1jem skladov\u00fdch kontejner\u016f je takov\u00fd, \u017ee vy si vlastn\u011b pronajmete n\u011bjak\u00fd kontejner, kam d\u00e1te sv\u00e9 zbo\u017e\u00ed. A je prima, \u017ee si tak\u00e9 m\u016f\u017eete vybrat velikost tohoto skladovac\u00edho kontejneru, kter\u00fd si chcete pronajmout. A tak\u00e9 jsem m\u011bla u\u017e dvakr\u00e1t pronajat\u00fd skladovac\u00ed kontejner, a to bylo hlavn\u011b kv\u016fli tomu, \u017ee jsem se st\u011bhovala do jin\u00e9ho st\u00e1tu, tak\u017ee jsem v\u0161echno pot\u0159ebovala po\u0159\u00e1dn\u011b p\u0159ev\u00e9st. Ale jeliko\u017e jsem se musela z domu p\u0159est\u011bhovat u\u017e o deset dn\u00ed d\u0159\u00edve, tak jsem si pronajala pr\u00e1v\u011b skladov\u00fd kontejner, kam jsem dala prozat\u00edm na t\u011bchto deset dn\u00ed m\u00e9 v\u011bci. \u0158eknu v\u00e1m, \u017ee je to opravdu v\u00fdhodn\u00e9. M\u00e1te tam takhle v\u011bci a nemus\u00edte platit vlastn\u011b n\u00e1jem, j\u00e1, kdybych si to je\u0161t\u011b nechala v n\u00e1jmu, tak bych zbyte\u010dn\u011b platila n\u00e1jem za blb\u00fdch deset dn\u00ed. Takhle jsem zaplatila jenom m\u00e1lo pen\u011bz, n\u011bkolik stovek za pron\u00e1jem skladov\u00fdch kontejner\u016f, kde jsem si uchov\u00e1vala svoje v\u011bci. A nest\u00e1lo to ani moc pen\u011bz. Uvid\u00edte, od jak\u00e9 firmy si pronajmete tyto skladovac\u00ed kontejnery. Proto\u017ee ceny se li\u0161\u00ed, ale nejsou to moc velik\u00e9 rozd\u00edly, p\u0159eji hodn\u011b \u0161t\u011bst\u00ed p\u0159i hled\u00e1n\u00ed.                                                                                                                                                                                                                                                                                                                                                                                           4\/5 - (7 votes)        "},{"@context":"https:\/\/schema.org\/","@type":"BreadcrumbList","itemListElement":[{"@type":"ListItem","position":1,"name":"Skladov\u00e1n\u00ed v\u011bc\u00ed","item":"https:\/\/www.berkner.cz\/skladovani-veci\/#breadcrumbitem"}]}]