[{"@context":"https:\/\/schema.org\/","@type":"Article","@id":"https:\/\/www.berkner.cz\/ruzne-styly-ruzna-provedeni\/#Article","mainEntityOfPage":"https:\/\/www.berkner.cz\/ruzne-styly-ruzna-provedeni\/","headline":"R\u016fzn\u00e9 styly, r\u016fzn\u00e1 proveden\u00ed","name":"R\u016fzn\u00e9 styly, r\u016fzn\u00e1 proveden\u00ed","description":"M\u00f3da se m\u011bn\u00ed, styly se prom\u011b\u0148uj\u00ed, ale to z\u00e1kladn\u00ed z\u016fst\u00e1v\u00e1. Mus\u00ed b\u00fdt zachov\u00e1na funk\u010dnost a pohodl\u00ed. Stejn\u00e9 je to p\u0159i v\u00fdb\u011bru lo\u017enice. Z model\u016f, kter\u00e9 v\u00e1s zaujaly, byste si m\u011bli vybrat podle praktick\u00fdch hledisek. Je opravdu v\u00edc, ne\u017e vhodn\u00e9 \u201eosahat\u201c si takov\u00fd n\u00e1bytek na vlastn\u00ed t\u011blo. Zkusit otev\u00edr\u00e1n\u00ed sk\u0159\u00edn\u011bk, pod\u00edvat","datePublished":"2024-12-12","dateModified":"2024-12-12","author":{"@type":"Person","@id":"https:\/\/www.berkner.cz\/author\/#Person","name":"","url":"https:\/\/www.berkner.cz\/author\/","identifier":1,"image":{"@type":"ImageObject","@id":"https:\/\/secure.gravatar.com\/avatar\/c065076eb86551fdb70725c8063acf1b60a8edaed14ed654228c4cba13121c83?s=96&d=mm&r=g","url":"https:\/\/secure.gravatar.com\/avatar\/c065076eb86551fdb70725c8063acf1b60a8edaed14ed654228c4cba13121c83?s=96&d=mm&r=g","height":96,"width":96}},"publisher":{"@type":"Organization","name":"berkner.cz","logo":{"@type":"ImageObject","@id":"\/logo.png","url":"\/logo.png","width":600,"height":60}},"url":"https:\/\/www.berkner.cz\/ruzne-styly-ruzna-provedeni\/","wordCount":205,"articleBody":"M\u00f3da se m\u011bn\u00ed, styly se prom\u011b\u0148uj\u00ed, ale to z\u00e1kladn\u00ed z\u016fst\u00e1v\u00e1. Mus\u00ed b\u00fdt zachov\u00e1na funk\u010dnost a pohodl\u00ed. Stejn\u00e9 je to p\u0159i v\u00fdb\u011bru lo\u017enice. Z model\u016f, kter\u00e9 v\u00e1s zaujaly, byste si m\u011bli vybrat podle praktick\u00fdch hledisek. Je opravdu v\u00edc, ne\u017e vhodn\u00e9 \u201eosahat\u201c si takov\u00fd n\u00e1bytek na vlastn\u00ed t\u011blo. Zkusit otev\u00edr\u00e1n\u00ed sk\u0159\u00edn\u011bk, pod\u00edvat se, jak jsou \u0159e\u0161eny \u00falo\u017en\u00e9 prostory, zkusit v\u00fd\u0161ku postele, \u0159e\u0161en\u00ed pelest\u00ed, \u010dela, jak\u00e9 mo\u017enosti jsou za va\u0161imi hlavami, zda jsou ro\u0161ty staviteln\u00e9, jestli je sou\u010d\u00e1st\u00ed tak\u00e9 matrace apod. Volte ka\u017ed\u00fd sebemen\u0161\u00ed detail a nenechte se vn\u011bj\u0161\u00ed l\u00edbivost\u00ed sv\u00e9st ke koupi n\u011b\u010deho, co v\u00e1m t\u0159eba funk\u010dn\u011b nebude stoprocentn\u011b vyhovovat. Matrace Kvalitu postel d\u011blaj\u00ed do zna\u010dn\u00e9 m\u00edry ro\u0161ty a hlavn\u011b matrace. Pokud je to mo\u017en\u00e9, vyb\u00edrejte matrace p\u0159esn\u011b podle va\u0161ich pot\u0159eb. Jen tak si zajist\u00edte opravdu pohodln\u00e9 a hlavn\u011b zdrav\u00e9 span\u00ed. Dne\u0161n\u00ed matrace s e daj\u00ed p\u0159izp\u016fsobit na jak\u00fdkoliv rozm\u011br r\u00e1mu postele, tak\u017ee to nen\u00ed nejmen\u0161\u00ed probl\u00e9m.                                                                                                                                                                                                                                                                                                                                                                                        4\/5 - (2 votes)        "},{"@context":"https:\/\/schema.org\/","@type":"BreadcrumbList","itemListElement":[{"@type":"ListItem","position":1,"name":"R\u016fzn\u00e9 styly, r\u016fzn\u00e1 proveden\u00ed","item":"https:\/\/www.berkner.cz\/ruzne-styly-ruzna-provedeni\/#breadcrumbitem"}]}]