[{"@context":"https:\/\/schema.org\/","@type":"Article","@id":"https:\/\/www.berkner.cz\/obal-na-iphone-14-pro-ochrana-s-eleganci-a-styl\/#Article","mainEntityOfPage":"https:\/\/www.berkner.cz\/obal-na-iphone-14-pro-ochrana-s-eleganci-a-styl\/","headline":"Obal na iPhone 14 Pro: Ochrana s eleganc\u00ed a styl","name":"Obal na iPhone 14 Pro: Ochrana s eleganc\u00ed a styl","description":"V\u00fdvoj mobiln\u00edch telefon\u016f je dynamick\u00fd a st\u00e1le se vyv\u00edj\u00ed. A v\u017edy, kdy\u017e se objev\u00ed nov\u00fd telefon, nevyhnuteln\u011b se objevuje tak\u00e9 \u0161irok\u00e1 \u0161k\u00e1la p\u0159\u00edslu\u0161enstv\u00ed, kter\u00e1 jej dopl\u0148uj\u00ed a zaji\u0161\u0165uj\u00ed ochranu a styl. Jedn\u00edm z nejpopul\u00e1rn\u011bj\u0161\u00edch p\u0159\u00edslu\u0161enstv\u00ed pro ka\u017ed\u00fd nov\u00fd model iPhone je obal. A kdy\u017e p\u0159ijde \u0159e\u010d na iPhone 14 Pro,","datePublished":"2023-06-01","dateModified":"2023-06-22","author":{"@type":"Person","@id":"https:\/\/www.berkner.cz\/author\/#Person","name":"","url":"https:\/\/www.berkner.cz\/author\/","identifier":1,"image":{"@type":"ImageObject","@id":"https:\/\/secure.gravatar.com\/avatar\/c065076eb86551fdb70725c8063acf1b60a8edaed14ed654228c4cba13121c83?s=96&d=mm&r=g","url":"https:\/\/secure.gravatar.com\/avatar\/c065076eb86551fdb70725c8063acf1b60a8edaed14ed654228c4cba13121c83?s=96&d=mm&r=g","height":96,"width":96}},"publisher":{"@type":"Organization","name":"berkner.cz","logo":{"@type":"ImageObject","@id":"\/logo.png","url":"\/logo.png","width":600,"height":60}},"image":{"@type":"ImageObject","@id":"https:\/\/www.berkner.cz\/wp-content\/uploads\/kryt_na_mobil_Fkx9Xy.jpg","url":"https:\/\/www.berkner.cz\/wp-content\/uploads\/kryt_na_mobil_Fkx9Xy.jpg","height":0,"width":0},"url":"https:\/\/www.berkner.cz\/obal-na-iphone-14-pro-ochrana-s-eleganci-a-styl\/","about":["Zbo\u017e\u00ed"],"wordCount":554,"articleBody":"      V\u00fdvoj mobiln\u00edch telefon\u016f je dynamick\u00fd a st\u00e1le se vyv\u00edj\u00ed. A v\u017edy, kdy\u017e se objev\u00ed nov\u00fd telefon, nevyhnuteln\u011b se objevuje tak\u00e9 \u0161irok\u00e1 \u0161k\u00e1la p\u0159\u00edslu\u0161enstv\u00ed, kter\u00e1 jej dopl\u0148uj\u00ed a zaji\u0161\u0165uj\u00ed ochranu a styl. Jedn\u00edm z nejpopul\u00e1rn\u011bj\u0161\u00edch p\u0159\u00edslu\u0161enstv\u00ed pro ka\u017ed\u00fd nov\u00fd model iPhone je obal. A kdy\u017e p\u0159ijde \u0159e\u010d na iPhone 14 Pro, o\u010dek\u00e1v\u00e1 se, \u017ee i tento model bude m\u00edt \u0161irokou nab\u00eddku kvalitn\u00edch a stylov\u00fdch obal\u016f, kter\u00e9 budou chr\u00e1nit a zd\u016fraz\u0148ovat jeho design. Obal na iPhone 14 Pro je nejen praktick\u00fdm dopl\u0148kem, kter\u00fd zaji\u0161\u0165uje ochranu proti po\u0161kr\u00e1b\u00e1n\u00ed, n\u00e1raz\u016fm a p\u00e1du, ale tak\u00e9 je skv\u011bl\u00fdm zp\u016fsobem, jak vyj\u00e1d\u0159it sv\u016fj osobn\u00ed styl a vkus. V\u00fdrobci p\u0159\u00edslu\u0161enstv\u00ed se neust\u00e1le sna\u017e\u00ed p\u0159in\u00e1\u0161et inovativn\u00ed a zaj\u00edmav\u00e9 obaly, kter\u00e9 se li\u0161\u00ed v materi\u00e1lu, designu a funkc\u00edch.  Jedna z mo\u017enost\u00ed, kterou budouc\u00ed majitel\u00e9 iPhone 14 Pro mohou zv\u00e1\u017eit, je kvalitn\u00ed k\u016f\u017ee. K\u016f\u017ee je tradi\u010dn\u00ed a luxusn\u00ed materi\u00e1l, kter\u00fd dod\u00e1v\u00e1 telefonu sofistikovan\u00fd vzhled a tak\u00e9 zaru\u010duje pevnost a odolnost. Mnoho spole\u010dnost\u00ed nab\u00edz\u00ed obaly z prav\u00e9 k\u016f\u017ee, kter\u00e9 jsou ru\u010dn\u011b vyroben\u00e9 a perfektn\u011b p\u0159izp\u016fsoben\u00e9 pro konkr\u00e9tn\u00ed model telefonu. K dispozici jsou r\u016fzn\u00e9 barevn\u00e9 mo\u017enosti, od klasick\u00fdch \u010dern\u00fdch a hn\u011bd\u00fdch po v\u00fdrazn\u00e9 odst\u00edny, kter\u00e9 v\u00e1m umo\u017en\u00ed vyj\u00e1d\u0159it svou osobnost. Dal\u0161\u00ed popul\u00e1rn\u00ed volbou jsou obaly z tvrzen\u00e9ho skla. Sklo je modern\u00ed a elegantn\u00ed materi\u00e1l, kter\u00fd dokonale dopl\u0148uje vzhled iPhone 14 Pro. Obaly z tvrzen\u00e9ho skla jsou vyrobeny z odoln\u00e9ho materi\u00e1lu, kter\u00fd dok\u00e1\u017ee ochr\u00e1nit telefon p\u0159ed n\u00e1razy a po\u0161kr\u00e1b\u00e1n\u00edm. Tento typ obalu je tak\u00e9 pr\u016fhledn\u00fd, co\u017e umo\u017e\u0148uje zachovat origin\u00e1ln\u00ed design telefonu a z\u00e1rove\u0148 mu dod\u00e1v\u00e1 \u0161mrnc. Nezapom\u00ednejme tak\u00e9 na obaly z plastu, kter\u00e9 jsou cenov\u011b dostupnou alternativou. Plastov\u00e9 obaly jsou lehk\u00e9, odoln\u00e9 a snadno se nasazuj\u00ed a sund\u00e1vaj\u00ed. Mohou b\u00fdt dostupn\u00e9 ve v\u0161ech mo\u017en\u00fdch barv\u00e1ch a vzorech, aby si ka\u017ed\u00fd mohl vybrat ten, kter\u00fd nejl\u00e9pe vyhovuje jeho stylu a preference.  P\u0159i v\u00fdb\u011bru obalu na iPhone 14 Pro je d\u016fle\u017eit\u00e9 zv\u00e1\u017eit nejen vzhled a styl, ale tak\u00e9 ochranu a funk\u010dnost. N\u011bkter\u00e9 obaly nab\u00edzej\u00ed dal\u0161\u00ed funkce, jako je v\u00fdklopn\u00fd stoj\u00e1nek, kapesn\u00ed \u00falo\u017en\u00fd prostor pro karty nebo bezdr\u00e1tov\u00e9 nab\u00edjen\u00ed. Je tedy dobr\u00e9 p\u0159em\u00fd\u0161let o sv\u00fdch pot\u0159eb\u00e1ch a preferenc\u00edch a vybrat obal, kter\u00fd spln\u00ed va\u0161e o\u010dek\u00e1v\u00e1n\u00ed. Obal na iPhone 14 Pro je nezbytn\u00fdm p\u0159\u00edslu\u0161enstv\u00edm pro ty, kte\u0159\u00ed si cen\u00ed ochrany sv\u00e9ho telefonu a sou\u010dasn\u011b cht\u011bj\u00ed vyj\u00e1d\u0159it sv\u016fj osobn\u00ed styl. Bez ohledu na to, zda si vyberete obal z k\u016f\u017ee, skla nebo plastu, jist\u011b najdete ten spr\u00e1vn\u00fd, kter\u00fd bude perfektn\u011b ladit s va\u0161\u00edm iPhone 14 Pro. A\u0165 u\u017e se rozhodnete pro luxusn\u00ed a sofistikovan\u00fd nebo modern\u00ed a hrav\u00fd obal, m\u016f\u017eete se t\u011b\u0161it na kombinaci ochrany a elegance, kterou v\u00e1m bude poskytovat.                                                                                                                                                                                                                                                                                                                                                                                          4.4\/5 - (5 votes)        "},{"@context":"https:\/\/schema.org\/","@type":"BreadcrumbList","itemListElement":[{"@type":"ListItem","position":1,"name":"Obal na iPhone 14 Pro: Ochrana s eleganc\u00ed a styl","item":"https:\/\/www.berkner.cz\/obal-na-iphone-14-pro-ochrana-s-eleganci-a-styl\/#breadcrumbitem"}]}]