[{"@context":"https:\/\/schema.org\/","@type":"Article","@id":"https:\/\/www.berkner.cz\/lednicko-valticky-areal-perla-jizni-moravy\/#Article","mainEntityOfPage":"https:\/\/www.berkner.cz\/lednicko-valticky-areal-perla-jizni-moravy\/","headline":"Lednicko-valtick\u00fd are\u00e1l &#8211; perla ji\u017en\u00ed Moravy","name":"Lednicko-valtick\u00fd are\u00e1l &#8211; perla ji\u017en\u00ed Moravy","description":"Lednicko-valtick\u00fd are\u00e1l je \u00fazem\u00ed o rozloze 283 km2, kter\u00e1 se skl\u00e1d\u00e1 ze dvou z\u00e1mk\u016f \u2013 Lednice a Valtice, jejich okol\u00ed (p\u0159edev\u0161\u00edm p\u0159ekr\u00e1sn\u00e9 zahrady, ale tak\u00e9 krajin\u00e1\u0159sk\u00e9ho parku \u010di lu\u017en\u00edch les\u016f)a dal\u0161\u00edmi architektonick\u00fdmi pam\u00e1tkami, o n\u011b\u017e se zaslou\u017eil p\u0159edev\u0161\u00edm rod Lichten\u0161t\u011bjn\u016f. Za n\u00e1v\u0161t\u011bvu stoj\u00ed nejen oba z\u00e1mky, ale tak\u00e9 tyto stavby","datePublished":"2020-09-19","dateModified":"2023-09-19","author":{"@type":"Person","@id":"https:\/\/www.berkner.cz\/author\/#Person","name":"","url":"https:\/\/www.berkner.cz\/author\/","identifier":1,"image":{"@type":"ImageObject","@id":"https:\/\/secure.gravatar.com\/avatar\/c065076eb86551fdb70725c8063acf1b60a8edaed14ed654228c4cba13121c83?s=96&d=mm&r=g","url":"https:\/\/secure.gravatar.com\/avatar\/c065076eb86551fdb70725c8063acf1b60a8edaed14ed654228c4cba13121c83?s=96&d=mm&r=g","height":96,"width":96}},"publisher":{"@type":"Organization","name":"berkner.cz","logo":{"@type":"ImageObject","@id":"\/logo.png","url":"\/logo.png","width":600,"height":60}},"image":{"@type":"ImageObject","@id":"https:\/\/www.berkner.cz\/wp-content\/uploads\/fridge-1616679_960_720.jpg","url":"https:\/\/www.berkner.cz\/wp-content\/uploads\/fridge-1616679_960_720.jpg","height":0,"width":0},"url":"https:\/\/www.berkner.cz\/lednicko-valticky-areal-perla-jizni-moravy\/","about":["Byznys"],"wordCount":509,"articleBody":"        Lednicko-valtick\u00fd are\u00e1l je \u00fazem\u00ed o rozloze 283 km2, kter\u00e1 se skl\u00e1d\u00e1 ze dvou z\u00e1mk\u016f \u2013 Lednice a Valtice, jejich okol\u00ed (p\u0159edev\u0161\u00edm p\u0159ekr\u00e1sn\u00e9 zahrady, ale tak\u00e9 krajin\u00e1\u0159sk\u00e9ho parku \u010di lu\u017en\u00edch les\u016f)a dal\u0161\u00edmi architektonick\u00fdmi pam\u00e1tkami, o n\u011b\u017e se zaslou\u017eil p\u0159edev\u0161\u00edm rod Lichten\u0161t\u011bjn\u016f. Za n\u00e1v\u0161t\u011bvu stoj\u00ed nejen oba z\u00e1mky, ale tak\u00e9 tyto stavby a z\u00e1me\u010dky, z\u00e1meck\u00fd sklen\u00edk a kr\u00e1sn\u00e1 p\u0159\u00edroda kolem. Dnes se zde ji\u017e nach\u00e1z\u00ed velmi \u0161irok\u00e1 turistick\u00e1 s\u00ed\u0165, tak\u017ee prohl\u00eddky m\u016f\u017eete uskute\u010dnit p\u011b\u0161ky, na kole, lo\u010fkou, ko\u010d\u00e1rem ta\u017een\u00fdm ko\u0148mi, samoz\u0159ejm\u011b m\u016f\u017eete tak\u00e9 popoj\u00ed\u017ed\u011bt z m\u00edsta na m\u00edsto autem.Krom\u011b historick\u00fdch pam\u00e1tek na toto \u00fazem\u00ed t\u00e1hne tak\u00e9 skv\u011bl\u00e9 v\u00edno. To m\u016f\u017eete ochutnat v mnoh\u00fdch vina\u0159stv\u00edch, kter\u00e9 zde naleznete, pro pravou atmosf\u00e9ru ale m\u016f\u017eete zaj\u00edt p\u0159\u00edmo k m\u00edstn\u00edm vina\u0159\u016fm do vinn\u00e9ho sklepa. K v\u00ednu samoz\u0159ejm\u011b pat\u0159\u00ed tak\u00e9 dobr\u00e9 j\u00eddlo, toho v m\u00edstn\u00edch restaurac\u00edch najdete dostatek. A kdy\u017e to p\u0159e\u017eenete nebo budete m\u00edt prost\u011b bohat\u0161\u00ed program, kter\u00fd b\u011bhem jednoho dne nestihnete, m\u016f\u017eete vyu\u017e\u00edt ze spousta mo\u017enost\u00ed ubytov\u00e1n\u00ed v Lednici na Morav\u011b \u010di r\u016fzn\u00fdch hotel\u016f v okol\u00ed. V\u010detn\u011b t\u011bch pln\u00fdch l\u00e1ze\u0148sk\u00fdch procedur, wellness a spa. L\u00e1zn\u011b Lednice toti\u017e le\u017e\u00ed hned kousek od Lednicko-valtick\u00e9ho are\u00e1lu.A kter\u00e9 pam\u00e1tky rozhodn\u011b nevynechat?Z\u00e1mek LedniceJedn\u00e1 se o hlavn\u00ed n\u00e1v\u0161t\u011bvn\u00ed m\u00edsto, nebo\u0165 tento novogotick\u00fd z\u00e1mek s rozs\u00e1hl\u00fdm parkem zaujme snad ka\u017ed\u00e9ho. V minulosti slou\u017eil jako s\u00eddlo Lichten\u0161tejn\u016f, tak\u017ee nechyb\u00ed honosn\u00e9 s\u00e1ly, sal\u00f3ny, j\u00eddelny, lo\u017enice \u010di reprezenta\u010dn\u00ed m\u00edstnosti pro p\u0159\u00edjem host\u016f.Z\u00e1meck\u00fd sklen\u00edkTato sou\u010d\u00e1st z\u00e1meck\u00e9ho parku ohrom\u00ed svou rozlohou (d\u00e9lka 92 metr\u016f, \u0161\u00ed\u0159ka 13 metr\u016f a v\u00fd\u0161ka 10 metr\u016f). Najdeme zde velk\u00e9 mno\u017estv\u00ed subtropick\u00fdch i tropick\u00fdch rostlin rozmanit\u00fdch barev, tvar\u016f i v\u016fn\u00ed. Sou\u010d\u00e1st\u00ed je strom, jeho\u017e st\u00e1\u0159\u00ed se odhaduje na t\u0159i a\u017e \u010dty\u0159i sta let.MinaretRomantick\u00e1 stavba, jedin\u00e1 sv\u00e9ho typu u n\u00e1s. O d\u016fvodech jej\u00edho vzniku existuje hned n\u011bkolik legend, \u017e\u00e1dn\u00e1 z nich ale zat\u00edm nebyla potvrzena.Jan\u016fv hradNaz\u00fdv\u00e1n b\u00fdv\u00e1 tak\u00e9 jako Janohrad. Jeho stavba je inspirov\u00e1na romantick\u00fdmi z\u0159\u00edceninami a vznikl p\u0159edev\u0161\u00edm z rozmaru Lichten\u0161tejn\u016f, kte\u0159\u00ed stavbu podobn\u00e9ho typu prost\u011b museli m\u00edt.Uveden\u00e9 pam\u00e1tky zna\u010d\u00ed pouze v\u00fdb\u011br t\u011bch nejnav\u0161t\u011bvovan\u011bj\u0161\u00edch, k vid\u011bn\u00ed je toho samoz\u0159ejm\u011b mnohem v\u00edc: Apollon\u016fv chr\u00e1m, Nov\u00fd dv\u016fr, T\u0159i gr\u00e1cie, Rendez-Vous, Belveder, Hrani\u010dn\u00ed z\u00e1mek, z\u00e1mek Valtice \u010di t\u0159eba Rybni\u010dn\u00ed z\u00e1me\u010dek.                                                                                                                                                                                                                                                                                                                                                                                          3.3\/5 - (7 votes)        "},{"@context":"https:\/\/schema.org\/","@type":"BreadcrumbList","itemListElement":[{"@type":"ListItem","position":1,"name":"Lednicko-valtick\u00fd are\u00e1l &#8211; perla ji\u017en\u00ed Moravy","item":"https:\/\/www.berkner.cz\/lednicko-valticky-areal-perla-jizni-moravy\/#breadcrumbitem"}]}]