[{"@context":"https:\/\/schema.org\/","@type":"Article","@id":"https:\/\/www.berkner.cz\/jaky-vyznam-maji-v-nasem-zivote-barvy\/#Article","mainEntityOfPage":"https:\/\/www.berkner.cz\/jaky-vyznam-maji-v-nasem-zivote-barvy\/","headline":"Jak\u00fd v\u00fdznam maj\u00ed v na\u0161em \u017eivot\u011b barvy","name":"Jak\u00fd v\u00fdznam maj\u00ed v na\u0161em \u017eivot\u011b barvy","description":"O vztahu k\u00a0barv\u00e1m byste si m\u011bli v\u00edce pov\u00eddat zejm\u00e9na s\u00a0d\u011btmi. Ty b\u00fdvaj\u00ed up\u0159\u00edmn\u00e9 a otev\u0159en\u00e9 a nebr\u00e1n\u00ed se vyslovit sv\u016fj vlastn\u00ed n\u00e1zor, nikoli p\u0159evzat\u00fd na z\u00e1klad\u011b n\u011bjak\u00fdch dogmat, jak to \u010dastokr\u00e1t m\u00edvaj\u00ed pr\u00e1v\u011b dosp\u011bl\u00ed. D\u011bti se r\u00e1dy obl\u00e9kaj\u00ed po sv\u00e9m a berou si na sebe to, co jim spont\u00e1nn\u011b vyhovuje.","datePublished":"2021-12-22","dateModified":"2023-05-04","author":{"@type":"Person","@id":"https:\/\/www.berkner.cz\/author\/#Person","name":"","url":"https:\/\/www.berkner.cz\/author\/","identifier":1,"image":{"@type":"ImageObject","@id":"https:\/\/secure.gravatar.com\/avatar\/c065076eb86551fdb70725c8063acf1b60a8edaed14ed654228c4cba13121c83?s=96&d=mm&r=g","url":"https:\/\/secure.gravatar.com\/avatar\/c065076eb86551fdb70725c8063acf1b60a8edaed14ed654228c4cba13121c83?s=96&d=mm&r=g","height":96,"width":96}},"publisher":{"@type":"Organization","name":"berkner.cz","logo":{"@type":"ImageObject","@id":"\/logo.png","url":"\/logo.png","width":600,"height":60}},"image":{"@type":"ImageObject","@id":"https:\/\/www.berkner.cz\/wp-content\/uploads\/woman-3083400_640.jpg","url":"https:\/\/www.berkner.cz\/wp-content\/uploads\/woman-3083400_640.jpg","height":0,"width":0},"url":"https:\/\/www.berkner.cz\/jaky-vyznam-maji-v-nasem-zivote-barvy\/","about":["M\u00f3da"],"wordCount":458,"articleBody":"O vztahu k\u00a0barv\u00e1m byste si m\u011bli v\u00edce pov\u00eddat zejm\u00e9na s\u00a0d\u011btmi. Ty b\u00fdvaj\u00ed up\u0159\u00edmn\u00e9 a otev\u0159en\u00e9 a nebr\u00e1n\u00ed se vyslovit sv\u016fj vlastn\u00ed n\u00e1zor, nikoli p\u0159evzat\u00fd na z\u00e1klad\u011b n\u011bjak\u00fdch dogmat, jak to \u010dastokr\u00e1t m\u00edvaj\u00ed pr\u00e1v\u011b dosp\u011bl\u00ed. D\u011bti se r\u00e1dy obl\u00e9kaj\u00ed po sv\u00e9m a berou si na sebe to, co jim spont\u00e1nn\u011b vyhovuje. P\u0159iprav\u00edte-li jim \u0161atn\u00edk podle toho, jak se jim barvy od\u011bv\u016f zamlouvaj\u00ed, m\u016f\u017eete o\u010dek\u00e1vat, \u017ee se ka\u017ed\u00e9 r\u00e1no p\u0159ed odchodem do \u0161koly budou obl\u00e9kat podle n\u00e1lady, a ne podle toho, co diktuje \u201epan\u00ed m\u00f3da\u201c. V\u00a0pond\u011bl\u00ed se obl\u00e9knou t\u0159eba do hn\u011bd\u00e9, v\u00a0\u00fater\u00fd ji\u017e do \u017elut\u00e9, ve st\u0159edu budou preferovat zelenou a \u010dervenou, a ve \u010dtvrtek a v\u00a0p\u00e1tek t\u0159eba b\u00edlou s\u00a0modrou. Co kter\u00e1 barva vyjad\u0159uje, a pro\u010d se inspirovat p\u0159i obl\u00e9k\u00e1n\u00ed pr\u00e1v\u011b va\u0161imi d\u011btmi?Modr\u00e1 \u2013 ta b\u00fdv\u00e1 v\u00a0na\u0161em oble\u010den\u00ed velmi \u010dast\u00e1 a m\u00edvaj\u00ed ji r\u00e1di lid\u00e9, co preferuj\u00ed volnost a kreativitu. Modr\u00e1 vyjad\u0159uje vzduch, nebe nad hlavou, otev\u0159en\u00fd prostor, a koresponduje s\u00a0p\u00e1tou, kr\u010dn\u00ed \u010dakrou. V\u00a0modr\u00e9 barv\u011b se lidem l\u00e9pe slovn\u011b vyjad\u0159uje (krk \u2013 hlasivky), a modr\u00e1 m\u016f\u017ee podpo\u0159it i snaz\u0161\u00ed prosazov\u00e1n\u00ed vlastn\u00ed \u017eivotn\u00ed cesty.Zelen\u00e1 \u2013 zelen\u00e1 podporuje cit a vn\u00edm\u00e1n\u00ed srdcem, vz\u00e1jemnou \u00factu, empatii, porozum\u011bn\u00ed, p\u0159\u00e1telstv\u00ed a l\u00e1sku. V\u00fdborn\u011b se kombinuje s\u00a0r\u016f\u017eovou, ob\u011b barvy toti\u017e spolu vytv\u00e1\u0159\u00ed l\u00e1skypln\u00e9 propojen\u00ed, kde se zrcadl\u00ed mezilidsk\u00e9 vztahy i vztah k\u00a0p\u0159\u00edrod\u011b. Kdo se r\u00e1d obl\u00e9k\u00e1 do kombinace zelen\u00e9 a r\u016f\u017eov\u00e9, m\u00edv\u00e1 i takovou auru a b\u00fdv\u00e1 to \u010dlov\u011bk velmi citliv\u00fd a p\u0159\u00e1telsky naklon\u011bn\u00fd. A z\u00e1rove\u0148 m\u016f\u017ee b\u00fdt n\u011b\u017en\u00fdm a vyhled\u00e1van\u00fdm milencem (milenkou).\u010cerven\u00e1 \u2013 ta velmi aktivizuje a je d\u016fle\u017eit\u00e9 vhodn\u011b ji ladit s\u00a0ostatn\u00edm oble\u010den\u00edm. P\u0159\u00edli\u0161 mnoho \u010derven\u00e9, zvl\u00e1\u0161t\u011b s\u00a0\u010dernou, z\u00a0v\u00e1s m\u016f\u017ee ud\u011blat agresivn\u00edho tvora, naopak \u010derven\u00e1 s\u00a0b\u00edlou nebo se zelenou a s\u00a0modrou v\u00e1s p\u011bkn\u011b \u201euzemn\u00ed\u201c a z\u00e1rove\u0148 podep\u0159e vlastnosti t\u011bchto ostatn\u00edch barev.\u010cern\u00e1 je barva smutku a rad\u011bji ji nenoste, zbyte\u010dn\u011b bere energii. Mimochodem, v\u00edte, \u017ee \u010dern\u00e1 vlastn\u011b nen\u00ed barva? Nen\u00ed sou\u010d\u00e1st\u00ed barevn\u00e9ho spektra. Kdy\u017e si rozlo\u017e\u00edte nap\u0159. slune\u010dn\u00ed sv\u011btlo k\u0159i\u0161\u0165\u00e1lov\u00fdm \u010di sklen\u011bn\u00fdm hranolem, bude v\u00a0n\u011bm cel\u00e1 barevn\u00e1 duha, ale \u010dernou tam nenajdete.                                                                                                                                                                                                                                                                                                                                                                                        3.6\/5 - (11 votes)        "},{"@context":"https:\/\/schema.org\/","@type":"BreadcrumbList","itemListElement":[{"@type":"ListItem","position":1,"name":"Jak\u00fd v\u00fdznam maj\u00ed v na\u0161em \u017eivot\u011b barvy","item":"https:\/\/www.berkner.cz\/jaky-vyznam-maji-v-nasem-zivote-barvy\/#breadcrumbitem"}]}]