[{"@context":"https:\/\/schema.org\/","@type":"Article","@id":"https:\/\/www.berkner.cz\/interierove-dvere-kutna-hora-maji-kouzlo-kteremu-neodolate\/#Article","mainEntityOfPage":"https:\/\/www.berkner.cz\/interierove-dvere-kutna-hora-maji-kouzlo-kteremu-neodolate\/","headline":"Interi\u00e9rov\u00e9 dve\u0159e Kutn\u00e1 Hora maj\u00ed kouzlo, kter\u00e9mu neodol\u00e1te","name":"Interi\u00e9rov\u00e9 dve\u0159e Kutn\u00e1 Hora maj\u00ed kouzlo, kter\u00e9mu neodol\u00e1te","description":"P\u0159i rekonstrukci a za\u0159izov\u00e1n\u00ed dom\u00e1cnosti je prvo\u0159adn\u00e9 myslet na tento detail bydlen\u00ed. Spln\u00ed nejen \u00fa\u010del, ale hlavn\u011b design, d\u00edky kter\u00e9mu z\u00edsk\u00e1 va\u0161e bydlen\u00ed tvar. Dok\u00e1\u017eou nejen upoutat na pohled, ale i na dotek. N\u011bkdy pot\u0159ebujete, aby byly prvn\u00ed, co si n\u011bkdo v\u0161imne, jindy byste nejrad\u011bji \u017e\u00e1dn\u00e9 nem\u011bli. Ale kdy\u017e v\u00e1s","datePublished":"2023-11-16","dateModified":"2023-11-16","author":{"@type":"Person","@id":"https:\/\/www.berkner.cz\/author\/#Person","name":"","url":"https:\/\/www.berkner.cz\/author\/","identifier":1,"image":{"@type":"ImageObject","@id":"https:\/\/secure.gravatar.com\/avatar\/c065076eb86551fdb70725c8063acf1b60a8edaed14ed654228c4cba13121c83?s=96&d=mm&r=g","url":"https:\/\/secure.gravatar.com\/avatar\/c065076eb86551fdb70725c8063acf1b60a8edaed14ed654228c4cba13121c83?s=96&d=mm&r=g","height":96,"width":96}},"publisher":{"@type":"Organization","name":"berkner.cz","logo":{"@type":"ImageObject","@id":"\/logo.png","url":"\/logo.png","width":600,"height":60}},"url":"https:\/\/www.berkner.cz\/interierove-dvere-kutna-hora-maji-kouzlo-kteremu-neodolate\/","wordCount":234,"articleBody":"P\u0159i rekonstrukci a za\u0159izov\u00e1n\u00ed dom\u00e1cnosti je prvo\u0159adn\u00e9 myslet na tento detail bydlen\u00ed. Spln\u00ed nejen \u00fa\u010del, ale hlavn\u011b design, d\u00edky kter\u00e9mu z\u00edsk\u00e1 va\u0161e bydlen\u00ed tvar. Dok\u00e1\u017eou nejen upoutat na pohled, ale i na dotek. N\u011bkdy pot\u0159ebujete, aby byly prvn\u00ed, co si n\u011bkdo v\u0161imne, jindy byste nejrad\u011bji \u017e\u00e1dn\u00e9 nem\u011bli. Ale kdy\u017e v\u00e1s n\u011bkdo nebo n\u011bco na\u0161tve, r\u00e1di je za sebou zav\u0159ete a m\u00e1te chv\u00edli klid. R\u016fzn\u00e9 odst\u00edny, dekora\u010dn\u00ed prvky a prosklen\u00ed je d\u011blaj\u00ed je\u0161t\u011b v\u00edce zaj\u00edmav\u00e9 a skv\u011ble zapadnou do ka\u017ed\u00e9ho prost\u0159ed\u00ed. S nimi si p\u0159ijde na svoje i n\u00e1ro\u010dn\u00fd z\u00e1kazn\u00edk, kter\u00fd v\u00ed, co je dobr\u00e9.V\u00fdb\u011br, ze kter\u00e9ho bude fantazie pracovat na pln\u00e9 obr\u00e1tkyP\u0159esn\u011b takov\u00fd vliv maj\u00ed na svoje z\u00e1kazn\u00edky interi\u00e9rov\u00e9 dve\u0159e Kutn\u00e1 Hora. Jeli jste si pro klasick\u00e9, jednoduch\u00e9, ale najednou p\u0159ed v\u00e1mi stoj\u00ed v\u00fdb\u011br, jak\u00fd jste ne\u010dekali a nev\u00edte, kter\u00e9 si vybrat. M\u011bli jste p\u0159edstavu, jak bude v\u00e1\u0161 domov vypadat, ale te\u010f se v\u00e1m nab\u00edz\u00ed n\u011bkolik dal\u0161\u00edch skv\u011bl\u00fdch variant. Tak kter\u00e9 budou ty va\u0161e? Masivn\u00ed, prosklen\u00e9 nebo klasick\u00e9? V\u0161echny maj\u00ed sv\u016fj jedine\u010dn\u00fd charakter.                                                                                                                                                                                                                                                                                                                                                                                        4.6\/5 - (11 votes)        "},{"@context":"https:\/\/schema.org\/","@type":"BreadcrumbList","itemListElement":[{"@type":"ListItem","position":1,"name":"Interi\u00e9rov\u00e9 dve\u0159e Kutn\u00e1 Hora maj\u00ed kouzlo, kter\u00e9mu neodol\u00e1te","item":"https:\/\/www.berkner.cz\/interierove-dvere-kutna-hora-maji-kouzlo-kteremu-neodolate\/#breadcrumbitem"}]}]