[{"@context":"https:\/\/schema.org\/","@type":"Article","@id":"https:\/\/www.berkner.cz\/dulezita-pece-o-telo-v-obdobi-menopauzy\/#Article","mainEntityOfPage":"https:\/\/www.berkner.cz\/dulezita-pece-o-telo-v-obdobi-menopauzy\/","headline":"D\u016fle\u017eit\u00e1 p\u00e9\u010de o t\u011blo v obdob\u00ed menopauzy","name":"D\u016fle\u017eit\u00e1 p\u00e9\u010de o t\u011blo v obdob\u00ed menopauzy","description":"Faktory ovliv\u0148uj\u00edc\u00ed menopauzu Ka\u017ed\u00e1 \u017eena tu\u0161\u00ed, co s sebou menopauza p\u0159in\u00e1\u0161\u00ed. Ne ka\u017ed\u00e1 \u017eena si ale uv\u011bdom\u00ed, co v\u0161echno mohou p\u0159\u00edznaky menopauzy zp\u016fsobit. M\u016f\u017eete trp\u011bt bolestmi hlavy, kter\u00e9 vy\u00fast\u00ed v migr\u00e9nu. L\u00e9k na migr\u00e9nu neexistuje a vy tak m\u016f\u017eete jen \u010dekat, a\u017e odezn\u00ed. Kulturn\u00ed odli\u0161nosti ve vn\u00edm\u00e1n\u00ed menopauzy Menopauzapro spoustu","datePublished":"2025-04-28","dateModified":"2025-04-28","author":{"@type":"Person","@id":"https:\/\/www.berkner.cz\/author\/#Person","name":"","url":"https:\/\/www.berkner.cz\/author\/","identifier":1,"image":{"@type":"ImageObject","@id":"https:\/\/secure.gravatar.com\/avatar\/c065076eb86551fdb70725c8063acf1b60a8edaed14ed654228c4cba13121c83?s=96&d=mm&r=g","url":"https:\/\/secure.gravatar.com\/avatar\/c065076eb86551fdb70725c8063acf1b60a8edaed14ed654228c4cba13121c83?s=96&d=mm&r=g","height":96,"width":96}},"publisher":{"@type":"Organization","name":"berkner.cz","logo":{"@type":"ImageObject","@id":"\/logo.png","url":"\/logo.png","width":600,"height":60}},"url":"https:\/\/www.berkner.cz\/dulezita-pece-o-telo-v-obdobi-menopauzy\/","wordCount":216,"articleBody":" Faktory ovliv\u0148uj\u00edc\u00ed menopauzu Ka\u017ed\u00e1 \u017eena tu\u0161\u00ed, co s sebou menopauza p\u0159in\u00e1\u0161\u00ed. Ne ka\u017ed\u00e1 \u017eena si ale uv\u011bdom\u00ed, co v\u0161echno mohou p\u0159\u00edznaky menopauzy zp\u016fsobit. M\u016f\u017eete trp\u011bt bolestmi hlavy, kter\u00e9 vy\u00fast\u00ed v migr\u00e9nu. L\u00e9k na migr\u00e9nu neexistuje a vy tak m\u016f\u017eete jen \u010dekat, a\u017e odezn\u00ed. Kulturn\u00ed odli\u0161nosti ve vn\u00edm\u00e1n\u00ed menopauzy Menopauzapro spoustu \u017een znamen\u00e1 jen omezov\u00e1n\u00ed se a vzd\u00e1n\u00ed se dosud b\u011b\u017en\u00fdch kon\u00ed\u010dk\u016f a z\u00e1jm\u016f. Pokud budete trp\u011bt n\u00e1valy horka a migr\u00e9nami, t\u011b\u017eko se budete v\u011bnovat nap\u0159\u00edklad horolezectv\u00ed, kter\u00e9 jste dote\u010f m\u011bla r\u00e1da. S n\u00e1mi se omezovat nemus\u00edte. Vyvinuli jsme dopln\u011bk stravy na p\u0159\u00edrodn\u00ed b\u00e1zi, kter\u00fd neobsahuje l\u00e1tky, kter\u00e9 t\u011blu \u0161kod\u00ed. Va\u0161e menopauza u\u017e nebude peklem, kter\u00fdm si budete muset proj\u00edt. Sta\u010d\u00ed si objednat prvn\u00ed k\u016fru zdarma a pokud v\u00e1m bude vyhovovat, m\u016f\u017eete si u n\u00e1s objednat dal\u0161\u00ed k\u016fry. Z\u00e1silka v diskr\u00e9tn\u00edm obalu Nemus\u00edte se b\u00e1t, \u017ee by na bal\u00ed\u010dku bylo poznat, co je uvnit\u0159. O va\u0161em mal\u00e9m tajemstv\u00ed se nikdo nedozv\u00ed. Jen vy budete v\u011bd\u011bt, co jste si objednala.                                                                                                                                                                                                                                                                                                                                                                                                "},{"@context":"https:\/\/schema.org\/","@type":"BreadcrumbList","itemListElement":[{"@type":"ListItem","position":1,"name":"D\u016fle\u017eit\u00e1 p\u00e9\u010de o t\u011blo v obdob\u00ed menopauzy","item":"https:\/\/www.berkner.cz\/dulezita-pece-o-telo-v-obdobi-menopauzy\/#breadcrumbitem"}]}]