[{"@context":"https:\/\/schema.org\/","@type":"Article","@id":"https:\/\/www.berkner.cz\/dobre-odeni\/#Article","mainEntityOfPage":"https:\/\/www.berkner.cz\/dobre-odeni\/","headline":"Dobr\u00e9 od\u011bn\u00ed","name":"Dobr\u00e9 od\u011bn\u00ed","description":"Tak\u017ee ji\u017e ku podzimku je dobr\u00e9 p\u0159em\u00fd\u0161let nad t\u00edm, \u010d\u00edm se v zim\u011b zah\u0159ejeme. Vid\u00edm, \u017ee p\u00e1nov\u00e9 hovo\u0159\u00ed o slivovici, \u010di grogu s rumem, no dobr\u00e1, tak\u00e9 jeden z mo\u017en\u00fdch zp\u016fsob\u016f. My se v\u0161ak budeme bavit o od\u011bvech, tedy o kab\u00e1tech, bund\u00e1ch, svetrech a tak podobn\u011b. Ano, i ko\u017e\u00ed\u0161ek se","datePublished":"2025-12-21","dateModified":"2025-12-21","author":{"@type":"Person","@id":"https:\/\/www.berkner.cz\/author\/#Person","name":"","url":"https:\/\/www.berkner.cz\/author\/","identifier":1,"image":{"@type":"ImageObject","@id":"https:\/\/secure.gravatar.com\/avatar\/c065076eb86551fdb70725c8063acf1b60a8edaed14ed654228c4cba13121c83?s=96&d=mm&r=g","url":"https:\/\/secure.gravatar.com\/avatar\/c065076eb86551fdb70725c8063acf1b60a8edaed14ed654228c4cba13121c83?s=96&d=mm&r=g","height":96,"width":96}},"publisher":{"@type":"Organization","name":"berkner.cz","logo":{"@type":"ImageObject","@id":"\/logo.png","url":"\/logo.png","width":600,"height":60}},"image":{"@type":"ImageObject","@id":"https:\/\/www.berkner.cz\/wp-content\/uploads\/pexels-annetnavi-789305.jpg","url":"https:\/\/www.berkner.cz\/wp-content\/uploads\/pexels-annetnavi-789305.jpg","height":0,"width":0},"url":"https:\/\/www.berkner.cz\/dobre-odeni\/","about":["Zbo\u017e\u00ed"],"wordCount":429,"articleBody":"      Tak\u017ee ji\u017e ku podzimku je dobr\u00e9 p\u0159em\u00fd\u0161let nad t\u00edm, \u010d\u00edm se v zim\u011b zah\u0159ejeme. Vid\u00edm, \u017ee p\u00e1nov\u00e9 hovo\u0159\u00ed o slivovici, \u010di grogu s rumem, no dobr\u00e1, tak\u00e9 jeden z mo\u017en\u00fdch zp\u016fsob\u016f. My se v\u0161ak budeme bavit o od\u011bvech, tedy o kab\u00e1tech, bund\u00e1ch, svetrech a tak podobn\u011b. Ano, i ko\u017e\u00ed\u0161ek se hod\u00ed, je-li um\u011bl\u00fd, ten prav\u00fd zv\u00ed\u0159ec\u00ed si nekupujte, nen\u00ed to vhodn\u00e9 v\u016f\u010di pr\u00e1v\u011b na\u0161im chlupat\u00fdm obyvatel\u016fm planety. Je dobr\u00e9 m\u00edt k nim ohled. Vln\u011bn\u00fd svetr je n\u011bco jin\u00e9ho. Ten je tak\u00e9 za zv\u00ed\u0159ete, av\u0161ak pokud je chov\u00e1no spr\u00e1vn\u011b a tak\u00e9 je s n\u00edm tak zach\u00e1zeno, nelze nic proti svetr z p\u0159\u00edrodn\u00ed vlny nam\u00edtat. Zv\u00ed\u0159\u00e1tk\u016fm, nej\u010dast\u011bji ove\u010dk\u00e1m, to zase doroste. Svetr m\u016f\u017ee b\u00fdt samoz\u0159ejm\u011b z jak\u00e9hokoliv materi\u00e1lu, ale ty vln\u011bn\u00e9 jsou p\u0159ece jen nejv\u00edce tepl\u00e9, p\u0159esn\u011bji, nejv\u00edce zah\u0159ej\u00ed na\u0161e t\u011blo. Maj\u00ed toti\u017e vynikaj\u00edc\u00ed izola\u010dn\u00ed vlastnosti, a p\u0159itom jsou lehce prody\u0161n\u00e9. Asi nev\u00edte, \u017ee je zde jedna zna\u010dka, kter\u00e1 se specializuje na v\u00fdrobky z vlny. Pokud dosud nev\u00edte, co je to svetry Devold, m\u00e1te takovou drobn\u011bj\u0161\u00ed mezeru ve vzd\u011bl\u00e1n\u00ed a v p\u0159ehledu. Ale p\u0159e\u010dten\u00edm tohoto \u010dl\u00e1nku to lehounce naprav\u00edte. Tyto svetry vych\u00e1zej\u00ed ze star\u00e9 tradice, kdy se \u0161ily pro norsk\u00e9 n\u00e1mo\u0159n\u00edky a v\u011b\u0159te, \u017ee ti za\u017e\u00edvali mrazy opravdu siln\u00e9. Ov\u0161em v t\u011bchto svetrech je zvl\u00e1dali s naprost\u00fdm klidem a bravurou. V\u00e1m se v nich bude da\u0159it stejn\u011b a je naprosto jedno, zda v takov\u00e9m svetru p\u016fjdete jen na kr\u00e1tkou vych\u00e1zku, nebo na horskou t\u00faru do v\u011btrn\u00e9 smr\u0161t\u011b. V\u011b\u0159te, \u017ee svetry Devold zvl\u00e1daj\u00ed jak\u00e9koliv po\u010das\u00ed, a dokonce jeho prudk\u00e9 v\u00fdkyvy. A tento v\u00e1m nevydr\u017e\u00ed rok ani dva, ale klidn\u011b a\u017e do konce \u017eivota, pokud s n\u00edm bude n\u00e1le\u017eit\u011b zach\u00e1zeno. Ano, zde je t\u0159eba d\u00e1vat pozor u pran\u00ed a nevyva\u0159ovat ho nap\u0159\u00edklad. Pokud po takov\u00e9m vysoce kvalitn\u00edm svetru tak\u00e9 tou\u017e\u00edte, ale nev\u00edte, kde si ho koupit, tak klikn\u011bte na odkaz v tomto \u010dl\u00e1nku a hned m\u00e1te jasno. To kliknut\u00ed v\u00e1s p\u0159ivede na jejich prodejn\u00ed webov\u00e9 str\u00e1nky.                                                                                                                                                                                                                                                                                                                                                                                           5\/5 - (1 vote)        "},{"@context":"https:\/\/schema.org\/","@type":"BreadcrumbList","itemListElement":[{"@type":"ListItem","position":1,"name":"Dobr\u00e9 od\u011bn\u00ed","item":"https:\/\/www.berkner.cz\/dobre-odeni\/#breadcrumbitem"}]}]