[{"@context":"https:\/\/schema.org\/","@type":"Article","@id":"https:\/\/www.berkner.cz\/co-obnasi-pobyt-na-neschopence\/#Article","mainEntityOfPage":"https:\/\/www.berkner.cz\/co-obnasi-pobyt-na-neschopence\/","headline":"Co obn\u00e1\u0161\u00ed pobyt na neschopence?","name":"Co obn\u00e1\u0161\u00ed pobyt na neschopence?","description":"Kdy\u017e pracuj\u00edc\u00ed \u010dlov\u011bk onemocn\u00ed, \u0159e\u0161\u00ed to nejednou t\u00edm, \u017ee si vezme dovolenou. Nem\u011blo by tak tomu sice b\u00fdt, dovolen\u00e1 by m\u011bla slou\u017eit k n\u011b\u010demu jin\u00e9mu, ale kdy\u017e takov\u00fd \u010dlov\u011bk nechce kv\u016fli prvn\u00edm n\u011bkolika dn\u016fm bez n\u00e1roku na cokoliv a pot\u00e9 mal\u00e9 nemocensk\u00e9 p\u0159ich\u00e1zet o pen\u00edze, nejednou se rozhodne pr\u00e1v\u011b tak.","datePublished":"2019-02-26","dateModified":"2023-05-04","author":{"@type":"Person","@id":"https:\/\/www.berkner.cz\/author\/#Person","name":"","url":"https:\/\/www.berkner.cz\/author\/","identifier":1,"image":{"@type":"ImageObject","@id":"https:\/\/secure.gravatar.com\/avatar\/c065076eb86551fdb70725c8063acf1b60a8edaed14ed654228c4cba13121c83?s=96&d=mm&r=g","url":"https:\/\/secure.gravatar.com\/avatar\/c065076eb86551fdb70725c8063acf1b60a8edaed14ed654228c4cba13121c83?s=96&d=mm&r=g","height":96,"width":96}},"publisher":{"@type":"Organization","name":"berkner.cz","logo":{"@type":"ImageObject","@id":"\/logo.png","url":"\/logo.png","width":600,"height":60}},"image":{"@type":"ImageObject","@id":"https:\/\/www.berkner.cz\/wp-content\/uploads\/img_a338072_w2186_t1550908827.jpg","url":"https:\/\/www.berkner.cz\/wp-content\/uploads\/img_a338072_w2186_t1550908827.jpg","height":0,"width":0},"url":"https:\/\/www.berkner.cz\/co-obnasi-pobyt-na-neschopence\/","wordCount":546,"articleBody":"Kdy\u017e pracuj\u00edc\u00ed \u010dlov\u011bk onemocn\u00ed, \u0159e\u0161\u00ed to nejednou t\u00edm, \u017ee si vezme dovolenou. Nem\u011blo by tak tomu sice b\u00fdt, dovolen\u00e1 by m\u011bla slou\u017eit k n\u011b\u010demu jin\u00e9mu, ale kdy\u017e takov\u00fd \u010dlov\u011bk nechce kv\u016fli prvn\u00edm n\u011bkolika dn\u016fm bez n\u00e1roku na cokoliv a pot\u00e9 mal\u00e9 nemocensk\u00e9 p\u0159ich\u00e1zet o pen\u00edze, nejednou se rozhodne pr\u00e1v\u011b tak. P\u0159ijde o dovolenou, ale finan\u010dn\u011b netrat\u00ed. Ov\u0161em n\u011bkdy se zkr\u00e1tka tak\u00e9 rozhodne, \u017ee si neschopenku vezme. \u017de se nech\u00e1 zneschopnit (co\u017e neznamen\u00e1, \u017ee by pozbyl sv\u00fdch schopnost\u00ed, kter\u00e9 kdy m\u011bl, zejm\u00e9na pokud byl neschopn\u00fd v\u017edycky) neboli \u017ee se ocitne ve stavu pr\u00e1ce neschopn\u00fdch, co\u017e je n\u011bco docela jin\u00e9ho ne\u017e p\u0159\u00edpady t\u011bch, kdo jsou dlouhodob\u011b pr\u00e1ce neschopn\u00ed pouze z d\u016fvodu vlastn\u00ed lenosti nebo jin\u00e9 \u201esoci\u00e1ln\u00ed slabosti\u201c. Takov\u00fd \u010dlov\u011bk si posed\u00ed v \u010dek\u00e1rn\u011b p\u0159ed ordinac\u00ed praktick\u00e9ho l\u00e9ka\u0159e, na pohotovosti nebo u n\u011bjak\u00e9ho specialisty, a nakonec dostane \u00fa\u0159edn\u00ed lejstro slo\u017een\u00e9 z n\u011bkolika kopi\u00ed, potvrzuj\u00edc\u00ed, \u017ee m\u016f\u017ee navzdory pracovn\u00ed dob\u011b a v\u0161em povinnostem vypl\u00fdvaj\u00edc\u00edm z pracovn\u011b-pr\u00e1vn\u00edho vztahu z\u016fstat doma a v\u00e1let se tam v posteli. P\u0159\u00edpadn\u011b i s mo\u017enost\u00ed omezen\u00fdch vych\u00e1zek a n\u011bjak\u00fdmi t\u011bmi dal\u0161\u00edmi up\u0159esn\u011bn\u00edmi, maj\u00edc\u00edmi jedin\u00fd \u00fa\u010del \u2013 d\u00e1t takov\u00e9mu \u010dlov\u011bku mo\u017enost d\u00e1t se znovu do kupy.  Jen\u017ee co m\u00e1 vlastn\u011b takov\u00fd \u010dlov\u011bk d\u011blat cel\u00e9 dny doma? Co tam sm\u00ed a co nesm\u00ed? Konec konc\u016f je i za takto str\u00e1venou dobu (od \u010dtvrt\u00e9ho dne) \u201ehonorov\u00e1n\u201c a za p\u0159\u00edpadn\u00e1 pochyben\u00ed naopak trest\u00e1n, a tak by m\u011bl v\u011bd\u011bt, na \u010dem je. Nap\u0159\u00edklad vy; ?a) Coby zam\u011bstnanec plat\u00edc\u00ed si m\u011bs\u00ed\u010dn\u011b pojistn\u00e9 na nemocensk\u00e9 poji\u0161t\u011bn\u00ed dost\u00e1v\u00e1te \u010dtvrt\u00fd a\u017e \u010dtrn\u00e1ct\u00fd den pracovn\u00ed neschopnosti od sv\u00e9ho zam\u011bstnavatele n\u00e1hradu mzdy ve v\u00fd\u0161i \u0161edes\u00e1ti procent pr\u016fm\u011brn\u00e9ho v\u00fdd\u011blku za ka\u017ed\u00fd pracovn\u00ed den.b) Pokud va\u0161e nemoc trv\u00e1 d\u00e9le, za\u010dnete n\u00e1sledn\u011b coby zam\u011bstnanec pob\u00edrat d\u00e1vky v nemoci od \u010cesk\u00e9 spr\u00e1vy soci\u00e1ln\u00edho zabezpe\u010den\u00ed, v t\u00e9\u017ee v\u00fd\u0161i, ov\u0161em ji\u017e za ka\u017ed\u00fd kalend\u00e1\u0159n\u00ed den.c) Pokud nejste zam\u011bstnancem, n\u00fdbr\u017e osobou samostatn\u011b v\u00fdd\u011ble\u010dn\u011b \u010dinnou, je pro v\u00e1s nemocensk\u00e9 poji\u0161t\u011bn\u00ed dobrovoln\u00e9. Pokud si ho plat\u00edte, dost\u00e1v\u00e1 se v\u00e1m p\u0159i pracovn\u00ed neschopnosti trvaj\u00edc\u00ed d\u00e9le ne\u017e dva t\u00fddny stejn\u00e9 finan\u010dn\u00ed pomoci jako zam\u011bstnanc\u016fm, pokud ne, m\u00e1te sm\u016flu. I na nemocensk\u00e9 v\u0161ak plat\u00ed \u201en\u011bco za n\u011bco\u201c. Mus\u00edte tu dodr\u017eovat l\u00e9\u010debn\u00fd re\u017eim, p\u0159\u00edpadn\u011b dodr\u017eovat vych\u00e1zky, m\u00e1te-li tyto od l\u00e9ka\u0159e povolen\u00e9. A b\u00fdt k zasti\u017een\u00ed doma, kdykoliv si v\u00e1s n\u011bkdo k tomu opr\u00e1vn\u011bn\u00fd p\u0159ijde zkontrolovat. Proto\u017ee jinak by s t\u00edm byly opleta\u010dky. Kter\u00e9 za tu \u0161edes\u00e1tiprocentn\u00ed almu\u017enu nestoj\u00ed.                                                                                                                                                                                                                                                                                                                                                                                        4\/5 - (8 votes)        "},{"@context":"https:\/\/schema.org\/","@type":"BreadcrumbList","itemListElement":[{"@type":"ListItem","position":1,"name":"Co obn\u00e1\u0161\u00ed pobyt na neschopence?","item":"https:\/\/www.berkner.cz\/co-obnasi-pobyt-na-neschopence\/#breadcrumbitem"}]}]