[{"@context":"https:\/\/schema.org\/","@type":"Article","@id":"https:\/\/www.berkner.cz\/bez-tuku-to-nejde-s-nimi-je-to-tezke\/#Article","mainEntityOfPage":"https:\/\/www.berkner.cz\/bez-tuku-to-nejde-s-nimi-je-to-tezke\/","headline":"Bez tuk\u016f to nejde, s nimi je to t\u011b\u017ek\u00e9","name":"Bez tuk\u016f to nejde, s nimi je to t\u011b\u017ek\u00e9","description":"Co t\u00edm m\u00e1me na mysli? Jednodu\u0161e ten fakt, \u017ee bez tuk\u016f nem\u016f\u017ee organismus nikoho z n\u00e1s fungovat. Na jejich p\u0159\u00edjmu z\u00e1vis\u00ed nap\u0159\u00edklad na\u0161e hormon\u00e1ln\u00ed fungov\u00e1n\u00ed \u010di t\u0159eba ochrana vnit\u0159n\u00edch org\u00e1n\u016f p\u0159i v\u00fdrazn\u011bj\u0161\u00edm p\u00e1du a mnoh\u00e9 dal\u0161\u00ed jevy. Bohu\u017eel \u010desk\u00e9 populace m\u00e1 ve zvyku p\u0159ij\u00edmat tuk\u016f ve strav\u011b p\u0159\u00edli\u0161 a nej\u010dast\u011bji","datePublished":"2024-12-06","dateModified":"2024-12-06","author":{"@type":"Person","@id":"https:\/\/www.berkner.cz\/author\/#Person","name":"","url":"https:\/\/www.berkner.cz\/author\/","identifier":1,"image":{"@type":"ImageObject","@id":"https:\/\/secure.gravatar.com\/avatar\/c065076eb86551fdb70725c8063acf1b60a8edaed14ed654228c4cba13121c83?s=96&d=mm&r=g","url":"https:\/\/secure.gravatar.com\/avatar\/c065076eb86551fdb70725c8063acf1b60a8edaed14ed654228c4cba13121c83?s=96&d=mm&r=g","height":96,"width":96}},"publisher":{"@type":"Organization","name":"berkner.cz","logo":{"@type":"ImageObject","@id":"\/logo.png","url":"\/logo.png","width":600,"height":60}},"url":"https:\/\/www.berkner.cz\/bez-tuku-to-nejde-s-nimi-je-to-tezke\/","wordCount":194,"articleBody":"Co t\u00edm m\u00e1me na mysli? Jednodu\u0161e ten fakt, \u017ee bez tuk\u016f nem\u016f\u017ee organismus nikoho z n\u00e1s fungovat. Na jejich p\u0159\u00edjmu z\u00e1vis\u00ed nap\u0159\u00edklad na\u0161e hormon\u00e1ln\u00ed fungov\u00e1n\u00ed \u010di t\u0159eba ochrana vnit\u0159n\u00edch org\u00e1n\u016f p\u0159i v\u00fdrazn\u011bj\u0161\u00edm p\u00e1du a mnoh\u00e9 dal\u0161\u00ed jevy. Bohu\u017eel \u010desk\u00e9 populace m\u00e1 ve zvyku p\u0159ij\u00edmat tuk\u016f ve strav\u011b p\u0159\u00edli\u0161 a nej\u010dast\u011bji se jedn\u00e1 o takov\u00e9 lipidy, kter\u00e9 jsou nav\u00edc \u0161kodliv\u00e9 pro na\u0161e zdrav\u00ed. Produkty \u0161t\u011bpen\u00ed tuk\u016f se naz\u00fdvaj\u00ed\u2026 Ketony. Ano, jedn\u00e1 se o pon\u011bkud zvl\u00e1\u0161tn\u00ed slovo, ale je tomu tak. Na z\u00e1klad\u011b sn\u00ed\u017een\u00e9ho p\u0159\u00edjmu sacharid\u016f a naopak zv\u00fd\u0161en\u00e9 konzumace b\u00edlkovin je pak mo\u017en\u00e9 dos\u00e1hnout stavu \u0161t\u011bpen\u00ed tuk\u016f v organismu zp\u016fsobem, d\u00edky n\u011bmu\u017e doch\u00e1z\u00ed ke sni\u017eov\u00e1n\u00ed hmotnosti i zanesen\u00ed organismus tukov\u00fdmi bu\u0148kami. Za pomoc\u00ed ketogenn\u00ed diety se V\u00e1m snadno poda\u0159\u00ed dos\u00e1hnout pr\u00e1v\u011b tohoto stavu, jen\u017e je \u017e\u00e1dan\u00fd zejm\u00e9na v p\u0159\u00edpad\u011b, \u017ee V\u00e1s tr\u00e1p\u00ed vysok\u00e1 t\u011blesn\u00e1 v\u00e1ha.                                                                                                                                                                                                                                                                                                                                                                                        5\/5 - (2 votes)        "},{"@context":"https:\/\/schema.org\/","@type":"BreadcrumbList","itemListElement":[{"@type":"ListItem","position":1,"name":"Bez tuk\u016f to nejde, s nimi je to t\u011b\u017ek\u00e9","item":"https:\/\/www.berkner.cz\/bez-tuku-to-nejde-s-nimi-je-to-tezke\/#breadcrumbitem"}]}]